{"id":2702,"date":"2013-05-02T14:32:06","date_gmt":"2013-05-02T12:32:06","guid":{"rendered":"http:\/\/www.loligrub.be\/blog\/?p=2702"},"modified":"2013-05-04T10:18:16","modified_gmt":"2013-05-04T08:18:16","slug":"jeudi-du-libre-le-16-mai-a-mons-qui-contribue-a-wikipedia-et-pourquoi","status":"publish","type":"post","link":"https:\/\/www.loligrub.be\/blog\/2013\/05\/02\/jeudi-du-libre-le-16-mai-a-mons-qui-contribue-a-wikipedia-et-pourquoi\/","title":{"rendered":"Jeudi du Libre le 16 mai \u00e0 Mons : Qui contribue \u00e0 Wikip\u00e9dia, et pourquoi ?"},"content":{"rendered":"<p><a href=\"http:\/\/www.loligrub.be\/blog\/wp-content\/uploads\/2013\/05\/200px-Wikipedia-logo-v2-fr.svg_.png\"><img loading=\"lazy\" decoding=\"async\" class=\"alignright size-full wp-image-2703\" alt=\"Logo Wikip\u00e9dia\" src=\"http:\/\/www.loligrub.be\/blog\/wp-content\/uploads\/2013\/05\/200px-Wikipedia-logo-v2-fr.svg_.png\" width=\"200\" height=\"230\" \/><\/a>Ce jeudi 16 mai 2013 \u00e0 19h se d\u00e9roulera la dix-neuvi\u00e8me s\u00e9ance montoise des <a title=\"http:\/\/jeudisdulibre.be\" href=\"http:\/\/jeudisdulibre.be\" rel=\"nofollow\">Jeudis du Libre de Belgique<\/a>.<\/p>\n<p>Le sujet de cette s\u00e9ance : <strong>Qui contribue \u00e0 Wikip\u00e9dia, et pourquoi ?<\/strong><\/p>\n<p>Th\u00e9matique : <strong>Internet|communaut\u00e9<\/strong><\/p>\n<p>Public : <strong>Tout public<\/strong><\/p>\n<p>L&rsquo;animateur conf\u00e9rencier : <strong>Nicolas Jullien<\/strong> (LUSSI, M@rsouin. Institut TELECOM Bretagne &amp; UEB)<\/p>\n<p>Lieu de cette s\u00e9ance : <strong>Mundaneum, 76 rue de Nimy \u00e0 7000 Mons<\/strong> (cf. <a title=\"http:\/\/www.openstreetmap.org\/?mlat=50.4576&amp;mlon=3.9555&amp;zoom=18&amp;layers=M\" href=\"http:\/\/www.openstreetmap.org\/?mlat=50.4576&amp;mlon=3.9555&amp;zoom=18&amp;layers=M\" rel=\"nofollow\">ce plan<\/a> sur le site d&rsquo;Openstreetmap)<\/p>\n<p>La participation sera gratuite et ne n\u00e9cessitera que <!--more-->votre inscription nominative, de pr\u00e9f\u00e9rence pr\u00e9alable, ou \u00e0 l&rsquo;entr\u00e9e de la s\u00e9ance. Merci d&rsquo;indiquer votre intention (m\u00eame incertaine) en vous inscrivant via la page <a title=\"http:\/\/jeudisdulibre.fikket.com\/\" href=\"http:\/\/jeudisdulibre.fikket.com\/\" rel=\"nofollow\">http:\/\/jeudisdulibre.fikket.com\/<\/a><\/p>\n<p>Cette s\u00e9ance sera suivie d&rsquo;un verre de l&rsquo;amiti\u00e9, offert par l&rsquo;A.S.B.L. <a title=\"http:\/\/www.loligrub.be\/\" href=\"http:\/\/www.loligrub.be\/\" rel=\"nofollow\">LoLiGrUB<\/a>, co-organisatrice des Jeudis du Libre.<\/p>\n<p>Si vous \u00eates int\u00e9ress\u00e9(e) par ce cycle mensuel, n\u2019h\u00e9sitez pas \u00e0 consulter l&rsquo;<a title=\"http:\/\/jeudisdulibre.be\/grille-pour-mons\/\" href=\"http:\/\/jeudisdulibre.be\/grille-pour-mons\/\" rel=\"nofollow\">agenda<\/a> et \u00e0 vous inscrire sur la <a title=\"http:\/\/jeudisdulibre.be\/news\/lists\/?p=subscribe&amp;id=1\" href=\"http:\/\/jeudisdulibre.be\/news\/lists\/?p=subscribe&amp;id=1\" rel=\"nofollow\">liste de diffusion<\/a> afin de recevoir syst\u00e9matiquement les annonces.<\/p>\n<p>Pour rappel, les Jeudis du Libre se veulent des rencontres autour de th\u00e9matiques des Logiciels Libres. Les rencontres montoises se d\u00e9roulent chaque troisi\u00e8me jeudi du mois, et sont organis\u00e9es dans des locaux et en collaboration avec des Hautes \u00c9coles et Facult\u00e9s Universitaires du P\u00f4le Hainuyer d&rsquo;enseignement sup\u00e9rieur impliqu\u00e9es dans les formations d\u2019informaticiens (<a title=\"http:\/\/www.umons.ac.be\/\" href=\"http:\/\/www.umons.ac.be\/\" rel=\"nofollow\">UMONS<\/a>, <a title=\"http:\/\/www.hecfh.be\/\" href=\"http:\/\/www.hecfh.be\/\" rel=\"nofollow\">HECFH<\/a> et <a title=\"http:\/\/www.condorcet.be\/\" href=\"http:\/\/www.condorcet.be\/\" rel=\"nofollow\">Condorcet<\/a>), et avec le concours de l\u2019A.S.B.L. <a title=\"http:\/\/www.loligrub.be\/\" href=\"http:\/\/www.loligrub.be\/\" rel=\"nofollow\">LoLiGrUB<\/a>, active dans la promotion des logiciels libres.<\/p>\n<p><strong>Description<\/strong> : Wikip\u00e9dia est sans doute aujourd&rsquo;hui l&rsquo;exemple le plus connu d&rsquo;une communaut\u00e9 ouverte, en ligne, qui autorise \u00e0 chacun de contribuer pour am\u00e9liorer le contenu des connaissances disponibles en ligne. Si tout le monde ne participe pas, comme dans d&rsquo;autres projets en ligne, on peut se demander qui sont les personnes qui participent et pourquoi elles participent.<\/p>\n<p>Apr\u00e8s une pr\u00e9sentation g\u00e9n\u00e9rale de Wikip\u00e9dia, et avant une discussion avec la salle, nous pr\u00e9senterons les r\u00e9sultats d&rsquo;une enqu\u00eate men\u00e9e aupr\u00e8s des contributeurs au projet Wikip\u00e9dia-fr (Wikip\u00e9dia en langue fran\u00e7aise).<\/p>\n<p><strong>Information compl\u00e9mentaire <\/strong> : Nicolas Jullien donnera \u00e9galement une <a title=\"http:\/\/www.ig.fpms.ac.be\/content\/seminaire-infortech-Nicolas-Jullien\" href=\"http:\/\/www.ig.fpms.ac.be\/content\/seminaire-infortech-Nicolas-Jullien\" rel=\"nofollow\">conf\u00e9rence dans le cadre du S\u00e9minaire InforTech<\/a> \u00e0 17h00 (FPMS, rue de Houdain).<\/p>\n<p><strong>Biographie courte de l&rsquo;auteur<\/strong> : Enseignant-chercheur \u00e0 T\u00e9l\u00e9com Bretagne, Brest, Nicolas Jullien \u00e9tudie les communaut\u00e9s en ligne (logiciel libre, encyclop\u00e9die, communaut\u00e9s professionnelles) depuis le d\u00e9but des ann\u00e9es 2000. Il s&rsquo;int\u00e9resse aux raisons de participer \u00e0 de telles communaut\u00e9s, aux diff\u00e9rentes \u00e9tapes dans la participation, \u00e0 la fa\u00e7on dont les entreprises coop\u00e8rent avec les communaut\u00e9s, et au lien entre apprentissage communautaire et march\u00e9 du travail.<\/p>\n","protected":false},"excerpt":{"rendered":"<p>Ce jeudi 16 mai 2013 \u00e0 19h se d\u00e9roulera la dix-neuvi\u00e8me s\u00e9ance montoise des Jeudis du Libre de Belgique. Le sujet de cette s\u00e9ance : Qui contribue \u00e0 Wikip\u00e9dia, et pourquoi ? Th\u00e9matique : Internet|communaut\u00e9 Public : Tout public L&rsquo;animateur &hellip; <a href=\"https:\/\/www.loligrub.be\/blog\/2013\/05\/02\/jeudi-du-libre-le-16-mai-a-mons-qui-contribue-a-wikipedia-et-pourquoi\/\">Continuer la lecture <span class=\"meta-nav\">&rarr;<\/span><\/a><\/p>\n","protected":false},"author":3,"featured_media":0,"comment_status":"open","ping_status":"open","sticky":false,"template":"","format":"standard","meta":{"footnotes":""},"categories":[134,3,1],"tags":[15,192,22,205],"class_list":["post-2702","post","type-post","status-publish","format-standard","hentry","category-local","category-loligrub","category-news","tag-conference","tag-jeudis-du-libre","tag-web","tag-wikipedia"],"_links":{"self":[{"href":"https:\/\/www.loligrub.be\/blog\/wp-json\/wp\/v2\/posts\/2702","targetHints":{"allow":["GET"]}}],"collection":[{"href":"https:\/\/www.loligrub.be\/blog\/wp-json\/wp\/v2\/posts"}],"about":[{"href":"https:\/\/www.loligrub.be\/blog\/wp-json\/wp\/v2\/types\/post"}],"author":[{"embeddable":true,"href":"https:\/\/www.loligrub.be\/blog\/wp-json\/wp\/v2\/users\/3"}],"replies":[{"embeddable":true,"href":"https:\/\/www.loligrub.be\/blog\/wp-json\/wp\/v2\/comments?post=2702"}],"version-history":[{"count":4,"href":"https:\/\/www.loligrub.be\/blog\/wp-json\/wp\/v2\/posts\/2702\/revisions"}],"predecessor-version":[{"id":2705,"href":"https:\/\/www.loligrub.be\/blog\/wp-json\/wp\/v2\/posts\/2702\/revisions\/2705"}],"wp:attachment":[{"href":"https:\/\/www.loligrub.be\/blog\/wp-json\/wp\/v2\/media?parent=2702"}],"wp:term":[{"taxonomy":"category","embeddable":true,"href":"https:\/\/www.loligrub.be\/blog\/wp-json\/wp\/v2\/categories?post=2702"},{"taxonomy":"post_tag","embeddable":true,"href":"https:\/\/www.loligrub.be\/blog\/wp-json\/wp\/v2\/tags?post=2702"}],"curies":[{"name":"wp","href":"https:\/\/api.w.org\/{rel}","templated":true}]}}