{"id":3579,"date":"2018-02-06T12:58:26","date_gmt":"2018-02-06T11:58:26","guid":{"rendered":"http:\/\/www.loligrub.be\/blog\/?p=3579"},"modified":"2018-02-06T12:58:26","modified_gmt":"2018-02-06T11:58:26","slug":"jeudis-du-libre-le-8-fevrier-a-mons-magento-la-plateforme-e-commerce-one-fits-all","status":"publish","type":"post","link":"https:\/\/www.loligrub.be\/blog\/2018\/02\/06\/jeudis-du-libre-le-8-fevrier-a-mons-magento-la-plateforme-e-commerce-one-fits-all\/","title":{"rendered":"Jeudis du libre le 8 f\u00e9vrier \u00e0 Mons : Magento la plateforme e-commerce &lsquo;One fits all&rsquo; ?"},"content":{"rendered":"<p><a href=\"http:\/\/www.loligrub.be\/blog\/2018\/02\/06\/jeudis-du-libre-le-8-fevrier-a-mons-magento-la-plateforme-e-commerce-one-fits-all\/320px-magento-svg\/\" rel=\"attachment wp-att-3580\"><img loading=\"lazy\" decoding=\"async\" class=\"alignright size-full wp-image-3580\" src=\"http:\/\/www.loligrub.be\/blog\/wp-content\/uploads\/2018\/02\/320px-Magento.svg_.png\" alt=\"Logo Magento\" width=\"320\" height=\"88\" srcset=\"https:\/\/www.loligrub.be\/blog\/wp-content\/uploads\/2018\/02\/320px-Magento.svg_.png 320w, https:\/\/www.loligrub.be\/blog\/wp-content\/uploads\/2018\/02\/320px-Magento.svg_-300x83.png 300w\" sizes=\"auto, (max-width: 320px) 100vw, 320px\" \/><\/a>Ce jeudi 8 f\u00e9vrier 2018 \u00e0 19h (exceptionnellement un 2\u00e8me jeudi) se d\u00e9roulera la 66\u00e8me s\u00e9ance montoise des <a class=\"urlextern\" title=\"http:\/\/jeudisdulibre.be\" href=\"http:\/\/jeudisdulibre.be\" rel=\"nofollow\">Jeudis du Libre de Belgique<\/a>.<\/p>\n<p>Le sujet de cette s\u00e9ance : <strong>Magento la plateforme e-commerce &lsquo;One fits all&rsquo; ?<\/strong><\/p>\n<p>Th\u00e9matique : <strong>Internet|communaut\u00e9|e-commerce<\/strong><\/p>\n<p>Public : <strong>Tout public<\/strong><\/p>\n<p>L&rsquo;animateur conf\u00e9rencier : <strong>B\u00e9renger Laurent<\/strong> (Brille24 SA)<\/p>\n<p>Lieu de cette s\u00e9ance : <strong>Universit\u00e9 de Mons, Campus Sciences Humaines, b\u00e2timent FWEG, 17 place Warocqu\u00e9, Auditoire Hotyat, 1er \u00e9tage<\/strong>. <em>Cf.<\/em> <a class=\"urlextern\" title=\"http:\/\/portail.umons.ac.be\/FR\/universite\/admin\/cerp\/plancampus\/Pages\/CampusSciencesHumaines.aspx\" href=\"http:\/\/portail.umons.ac.be\/FR\/universite\/admin\/cerp\/plancampus\/Pages\/CampusSciencesHumaines.aspx\" rel=\"nofollow\">ce plan<\/a> sur le site de l&rsquo;UMONS, ou <a class=\"urlextern\" title=\"http:\/\/www.openstreetmap.org\/?mlat=50.45889&amp;mlon=3.95024#map=18\/50.45889\/3.95024\" href=\"http:\/\/www.openstreetmap.org\/?mlat=50.45889&amp;mlon=3.95024#map=18\/50.45889\/3.95024\" rel=\"nofollow\">la carte OSM<\/a>, ainsi que l&rsquo;<a class=\"urlextern\" title=\"http:\/\/www.openstreetmap.org\/?mlat=50.45979&amp;mlon=3.95050#map=18\/50.45979\/3.95050\" href=\"http:\/\/www.openstreetmap.org\/?mlat=50.45979&amp;mlon=3.95050#map=18\/50.45979\/3.95050\" rel=\"nofollow\">acc\u00e8s parking<\/a>, rue Lucidel.<\/p>\n<p>La participation sera gratuite et ne n\u00e9cessitera que votre inscription nominative, de pr\u00e9f\u00e9rence pr\u00e9alable, ou \u00e0 l&rsquo;entr\u00e9e de la s\u00e9ance. Merci d&rsquo;indiquer votre intention en vous inscrivant via <!--more-->la page <a class=\"urlextern\" title=\"http:\/\/jeudisdulibre.fikket.com\/\" href=\"http:\/\/jeudisdulibre.fikket.com\/\" rel=\"nofollow\">http:\/\/jeudisdulibre.fikket.com\/<\/a>. La s\u00e9ance sera suivie d&rsquo;un verre de l&rsquo;amiti\u00e9.<\/p>\n<p>Les Jeudis du Libre \u00e0 Mons b\u00e9n\u00e9ficient aussi du soutien de <a class=\"urlextern\" title=\"http:\/\/jeudisdulibre.be\/sponsors-a-mons\/\" href=\"http:\/\/jeudisdulibre.be\/sponsors-a-mons\/\" rel=\"nofollow\">nos partenaires<\/a> : <a class=\"urlextern\" title=\"https:\/\/www.cetic.be\/\" href=\"https:\/\/www.cetic.be\/\" rel=\"nofollow\">CETIC<\/a>, <a class=\"urlextern\" title=\"https:\/\/www.opensides.be\/\" href=\"https:\/\/www.opensides.be\/\" rel=\"nofollow\">OpenSides<\/a>, <a class=\"urlextern\" title=\"http:\/\/www.meaweb.com\/\" href=\"http:\/\/www.meaweb.com\/\" rel=\"nofollow\">MeaWeb<\/a> et <a class=\"urlextern\" title=\"http:\/\/phonoid.com\/\" href=\"http:\/\/phonoid.com\/\" rel=\"nofollow\">Phonoid<\/a>.<\/p>\n<p>Si vous \u00eates int\u00e9ress\u00e9(e) par ce cycle mensuel, n\u2019h\u00e9sitez pas \u00e0 consulter l&rsquo;<a class=\"urlextern\" title=\"http:\/\/jeudisdulibre.be\/grille-pour-mons\/\" href=\"http:\/\/jeudisdulibre.be\/grille-pour-mons\/\" rel=\"nofollow\">agenda<\/a> et \u00e0 vous inscrire sur la <a class=\"urlextern\" title=\"http:\/\/jeudisdulibre.be\/news\/lists\/?p=subscribe&amp;id=1\" href=\"http:\/\/jeudisdulibre.be\/news\/lists\/?p=subscribe&amp;id=1\" rel=\"nofollow\">liste de diffusion<\/a> afin de recevoir syst\u00e9matiquement les annonces.<\/p>\n<p>Pour rappel, les Jeudis du Libre se veulent des espaces d&rsquo;\u00e9changes autour de th\u00e9matiques des Logiciels Libres. Les rencontres montoises se d\u00e9roulent chaque troisi\u00e8me jeudi du mois, et sont organis\u00e9es dans des locaux et en collaboration avec des Hautes \u00c9coles et Facult\u00e9s Universitaires montoises impliqu\u00e9es dans les formations d\u2019informaticiens (<a class=\"urlextern\" title=\"http:\/\/www.umons.ac.be\/\" href=\"http:\/\/www.umons.ac.be\/\" rel=\"nofollow\">UMONS<\/a>, <a class=\"urlextern\" title=\"http:\/\/www.heh.be\/\" href=\"http:\/\/www.heh.be\/\" rel=\"nofollow\">HEH<\/a> et <a class=\"urlextern\" title=\"http:\/\/www.condorcet.be\/\" href=\"http:\/\/www.condorcet.be\/\" rel=\"nofollow\">Condorcet<\/a>), et avec le concours de l\u2019A.S.B.L. <a class=\"urlextern\" title=\"http:\/\/www.loligrub.be\/\" href=\"http:\/\/www.loligrub.be\/\" rel=\"nofollow\">LoLiGrUB<\/a>, active dans la promotion des logiciels libres.<\/p>\n<p><strong>Description<\/strong> : Nous d\u00e9crirons les diff\u00e9rents organes et contraintes techniques de la plateforme de commerce \u00e9lectronique libre <a class=\"urlextern\" title=\"https:\/\/fr.wikipedia.org\/wiki\/Magento\" href=\"https:\/\/fr.wikipedia.org\/wiki\/Magento\" rel=\"nofollow\">Magento<\/a> dans sa version 1.9x. Puis nous proc\u00e9derons \u00e0 une br\u00e8ve d\u00e9monstration d&rsquo;administration de boutique si le temps le permet sur Magento 1.x et 2.x Nous ferons ensuite le point sur les diff\u00e9rences entres magento 1.x et 2.x. Enfin nous terminerons par un bilan apr\u00e8s 8 ann\u00e9es d&rsquo;utilisation quotidienne.<\/p>\n<p><strong>Short bio :<\/strong> Un Amstrad CPC464, mon premier grand amour \u00e0 l&rsquo;\u00e2ge de 5 ans\u2026 Presque 20 ans de carri\u00e8re professionnelle dans le domaine des TIC a assumer les postes de : Helpdesk et informatique de gestion, Technicien Hardware, Dev Web, Admin SYS et DB, Manager d&rsquo;une \u00e9quipe de DEV, CTO. A l&rsquo;aube de la quarantaine, je ne compte plus le nombre d&rsquo;heures, de diff\u00e9rentes technologies et de projets, \u00e0 installer des syst\u00e8mes, \u00e0 essayer de nouvelles choses, \u00e0 pivoter et changer d&rsquo;angle dans un esprit de partage avec une \u00e9quipe. Je suis \u00e0 l&rsquo;heure actuelle chef d&rsquo;entreprise et j&rsquo;assume le r\u00f4le de CTO pour plusieurs petites soci\u00e9t\u00e9s dont certaines sont sp\u00e9cialis\u00e9es dans la vente Online. Et si le sommeil me manque parfois, la passion, et le sentiment d&rsquo;\u00eatre un &lsquo;jack of all trades&rsquo; des TIC ne m&rsquo;ont jamais quitt\u00e9.<\/p>\n","protected":false},"excerpt":{"rendered":"<p>Ce jeudi 8 f\u00e9vrier 2018 \u00e0 19h (exceptionnellement un 2\u00e8me jeudi) se d\u00e9roulera la 66\u00e8me s\u00e9ance montoise des Jeudis du Libre de Belgique. Le sujet de cette s\u00e9ance : Magento la plateforme e-commerce &lsquo;One fits all&rsquo; ? Th\u00e9matique : Internet|communaut\u00e9|e-commerce &hellip; <a href=\"https:\/\/www.loligrub.be\/blog\/2018\/02\/06\/jeudis-du-libre-le-8-fevrier-a-mons-magento-la-plateforme-e-commerce-one-fits-all\/\">Continuer la lecture <span class=\"meta-nav\">&rarr;<\/span><\/a><\/p>\n","protected":false},"author":3,"featured_media":0,"comment_status":"open","ping_status":"open","sticky":false,"template":"","format":"standard","meta":{"footnotes":""},"categories":[134,3,1],"tags":[15,192,66],"class_list":["post-3579","post","type-post","status-publish","format-standard","hentry","category-local","category-loligrub","category-news","tag-conference","tag-jeudis-du-libre","tag-logiciel-libre"],"_links":{"self":[{"href":"https:\/\/www.loligrub.be\/blog\/wp-json\/wp\/v2\/posts\/3579","targetHints":{"allow":["GET"]}}],"collection":[{"href":"https:\/\/www.loligrub.be\/blog\/wp-json\/wp\/v2\/posts"}],"about":[{"href":"https:\/\/www.loligrub.be\/blog\/wp-json\/wp\/v2\/types\/post"}],"author":[{"embeddable":true,"href":"https:\/\/www.loligrub.be\/blog\/wp-json\/wp\/v2\/users\/3"}],"replies":[{"embeddable":true,"href":"https:\/\/www.loligrub.be\/blog\/wp-json\/wp\/v2\/comments?post=3579"}],"version-history":[{"count":2,"href":"https:\/\/www.loligrub.be\/blog\/wp-json\/wp\/v2\/posts\/3579\/revisions"}],"predecessor-version":[{"id":3582,"href":"https:\/\/www.loligrub.be\/blog\/wp-json\/wp\/v2\/posts\/3579\/revisions\/3582"}],"wp:attachment":[{"href":"https:\/\/www.loligrub.be\/blog\/wp-json\/wp\/v2\/media?parent=3579"}],"wp:term":[{"taxonomy":"category","embeddable":true,"href":"https:\/\/www.loligrub.be\/blog\/wp-json\/wp\/v2\/categories?post=3579"},{"taxonomy":"post_tag","embeddable":true,"href":"https:\/\/www.loligrub.be\/blog\/wp-json\/wp\/v2\/tags?post=3579"}],"curies":[{"name":"wp","href":"https:\/\/api.w.org\/{rel}","templated":true}]}}